{"id":2914,"date":"2023-10-08T20:15:33","date_gmt":"2023-10-08T18:15:33","guid":{"rendered":"https:\/\/ndbc.fr\/?p=2914"},"modified":"2023-10-08T20:15:34","modified_gmt":"2023-10-08T18:15:34","slug":"la-cueillette-a-saint-gratien","status":"publish","type":"post","link":"https:\/\/ndbc.fr\/?p=2914","title":{"rendered":"La cueillette \u00e0 Saint Gratien!"},"content":{"rendered":"\n<p>Ce mardi, les classes de TPS-PS et Moyenne Section sont all\u00e9es cueillir des l\u00e9gumes \u00e0 Saint Gratien. Cette matin\u00e9e de cueillette a beaucoup plu aux enfants qui ont cuisin\u00e9 tous ces l\u00e9gumes. Ce projet s&#8217;est termin\u00e9 par un go\u00fbter des pr\u00e9parations faites en classe. Quel beau projet ! Mme MARTENS<\/p>\n\n\n\n<figure class=\"wp-block-gallery has-nested-images columns-default is-cropped wp-block-gallery-1 is-layout-flex wp-block-gallery-is-layout-flex\">\n<figure class=\"wp-block-image size-large\"><img loading=\"lazy\" decoding=\"async\" width=\"1024\" height=\"768\" data-id=\"2915\" src=\"http:\/\/ndbc.fr\/wp-content\/uploads\/2023\/10\/IMG_8396-1024x768.jpeg\" alt=\"\" class=\"wp-image-2915\" srcset=\"https:\/\/ndbc.fr\/wp-content\/uploads\/2023\/10\/IMG_8396-1024x768.jpeg 1024w, https:\/\/ndbc.fr\/wp-content\/uploads\/2023\/10\/IMG_8396-300x225.jpeg 300w, https:\/\/ndbc.fr\/wp-content\/uploads\/2023\/10\/IMG_8396-768x576.jpeg 768w, https:\/\/ndbc.fr\/wp-content\/uploads\/2023\/10\/IMG_8396-1536x1152.jpeg 1536w, https:\/\/ndbc.fr\/wp-content\/uploads\/2023\/10\/IMG_8396-2048x1536.jpeg 2048w\" sizes=\"auto, (max-width: 1024px) 100vw, 1024px\" \/><\/figure>\n\n\n\n<figure class=\"wp-block-image size-large\"><img loading=\"lazy\" decoding=\"async\" width=\"1024\" height=\"768\" data-id=\"2916\" src=\"http:\/\/ndbc.fr\/wp-content\/uploads\/2023\/10\/IMG_8337-1024x768.jpeg\" alt=\"\" class=\"wp-image-2916\" srcset=\"https:\/\/ndbc.fr\/wp-content\/uploads\/2023\/10\/IMG_8337-1024x768.jpeg 1024w, https:\/\/ndbc.fr\/wp-content\/uploads\/2023\/10\/IMG_8337-300x225.jpeg 300w, https:\/\/ndbc.fr\/wp-content\/uploads\/2023\/10\/IMG_8337-768x576.jpeg 768w, https:\/\/ndbc.fr\/wp-content\/uploads\/2023\/10\/IMG_8337-1536x1152.jpeg 1536w, https:\/\/ndbc.fr\/wp-content\/uploads\/2023\/10\/IMG_8337-2048x1536.jpeg 2048w\" sizes=\"auto, (max-width: 1024px) 100vw, 1024px\" \/><\/figure>\n\n\n\n<figure class=\"wp-block-image size-large\"><img loading=\"lazy\" decoding=\"async\" width=\"1024\" height=\"768\" data-id=\"2918\" src=\"http:\/\/ndbc.fr\/wp-content\/uploads\/2023\/10\/IMG_8311-1024x768.jpeg\" alt=\"\" class=\"wp-image-2918\" srcset=\"https:\/\/ndbc.fr\/wp-content\/uploads\/2023\/10\/IMG_8311-1024x768.jpeg 1024w, https:\/\/ndbc.fr\/wp-content\/uploads\/2023\/10\/IMG_8311-300x225.jpeg 300w, https:\/\/ndbc.fr\/wp-content\/uploads\/2023\/10\/IMG_8311-768x576.jpeg 768w, https:\/\/ndbc.fr\/wp-content\/uploads\/2023\/10\/IMG_8311-1536x1152.jpeg 1536w, https:\/\/ndbc.fr\/wp-content\/uploads\/2023\/10\/IMG_8311-2048x1536.jpeg 2048w\" sizes=\"auto, (max-width: 1024px) 100vw, 1024px\" \/><\/figure>\n\n\n\n<figure class=\"wp-block-image size-large\"><img loading=\"lazy\" decoding=\"async\" width=\"1024\" height=\"768\" data-id=\"2917\" src=\"http:\/\/ndbc.fr\/wp-content\/uploads\/2023\/10\/IMG_8287-1024x768.jpeg\" alt=\"\" class=\"wp-image-2917\" srcset=\"https:\/\/ndbc.fr\/wp-content\/uploads\/2023\/10\/IMG_8287-1024x768.jpeg 1024w, https:\/\/ndbc.fr\/wp-content\/uploads\/2023\/10\/IMG_8287-300x225.jpeg 300w, https:\/\/ndbc.fr\/wp-content\/uploads\/2023\/10\/IMG_8287-768x576.jpeg 768w, https:\/\/ndbc.fr\/wp-content\/uploads\/2023\/10\/IMG_8287-1536x1152.jpeg 1536w, https:\/\/ndbc.fr\/wp-content\/uploads\/2023\/10\/IMG_8287-2048x1536.jpeg 2048w\" sizes=\"auto, (max-width: 1024px) 100vw, 1024px\" \/><\/figure>\n<\/figure>\n","protected":false},"excerpt":{"rendered":"<p>Ce mardi, les classes de TPS-PS et Moyenne Section sont all\u00e9es cueillir des l\u00e9gumes \u00e0 Saint Gratien. Cette matin\u00e9e de cueillette a beaucoup plu aux enfants qui ont cuisin\u00e9 tous ces l\u00e9gumes. Ce projet s&#8217;est termin\u00e9 par un go\u00fbter des pr\u00e9parations faites en classe. Quel beau projet ! Mme MARTENS<\/p>\n","protected":false},"author":4,"featured_media":0,"comment_status":"closed","ping_status":"closed","sticky":false,"template":"","format":"standard","meta":{"footnotes":""},"categories":[1],"tags":[],"class_list":["post-2914","post","type-post","status-publish","format-standard","hentry","category-non-classe"],"yoast_head":"<!-- This site is optimized with the Yoast SEO plugin v14.1 - https:\/\/yoast.com\/wordpress\/plugins\/seo\/ -->\n<title>La cueillette \u00e0 Saint Gratien! -<\/title>\n<meta name=\"robots\" content=\"index, follow\" \/>\n<meta name=\"googlebot\" content=\"index, follow, max-snippet:-1, max-image-preview:large, max-video-preview:-1\" \/>\n<meta name=\"bingbot\" content=\"index, follow, max-snippet:-1, max-image-preview:large, max-video-preview:-1\" \/>\n<link rel=\"canonical\" href=\"http:\/\/ndbc.fr\/?p=2914\" \/>\n<meta property=\"og:locale\" content=\"en_US\" \/>\n<meta property=\"og:type\" content=\"article\" \/>\n<meta property=\"og:title\" content=\"La cueillette \u00e0 Saint Gratien! -\" \/>\n<meta property=\"og:description\" content=\"Ce mardi, les classes de TPS-PS et Moyenne Section sont all\u00e9es cueillir des l\u00e9gumes \u00e0 Saint Gratien. Cette matin\u00e9e de cueillette a beaucoup plu aux enfants qui ont cuisin\u00e9 tous ces l\u00e9gumes. Ce projet s&#8217;est termin\u00e9 par un go\u00fbter des pr\u00e9parations faites en classe. Quel beau projet ! Mme MARTENS\" \/>\n<meta property=\"og:url\" content=\"http:\/\/ndbc.fr\/?p=2914\" \/>\n<meta property=\"article:publisher\" content=\"https:\/\/www.facebook.com\/Notre-Dame-Du-Bon-Conseil-570310056457481\/\" \/>\n<meta property=\"article:published_time\" content=\"2023-10-08T18:15:33+00:00\" \/>\n<meta property=\"article:modified_time\" content=\"2023-10-08T18:15:34+00:00\" \/>\n<meta property=\"og:image\" content=\"http:\/\/ndbc.fr\/wp-content\/uploads\/2023\/10\/IMG_8396-1024x768.jpeg\" \/>\n<meta name=\"twitter:card\" content=\"summary_large_image\" \/>\n<script type=\"application\/ld+json\" class=\"yoast-schema-graph\">{\"@context\":\"https:\/\/schema.org\",\"@graph\":[{\"@type\":\"Organization\",\"@id\":\"https:\/\/ndbc.fr\/#organization\",\"name\":\"Ecole Notre Dame du Bon Conseil AMIENS\",\"url\":\"https:\/\/ndbc.fr\/\",\"sameAs\":[\"https:\/\/www.facebook.com\/Notre-Dame-Du-Bon-Conseil-570310056457481\/\"],\"logo\":{\"@type\":\"ImageObject\",\"@id\":\"https:\/\/ndbc.fr\/#logo\",\"inLanguage\":\"en-US\",\"url\":\"https:\/\/ndbc.fr\/wp-content\/uploads\/2020\/03\/Fichier-1.png\",\"width\":238,\"height\":512,\"caption\":\"Ecole Notre Dame du Bon Conseil AMIENS\"},\"image\":{\"@id\":\"https:\/\/ndbc.fr\/#logo\"}},{\"@type\":\"WebSite\",\"@id\":\"https:\/\/ndbc.fr\/#website\",\"url\":\"https:\/\/ndbc.fr\/\",\"name\":\"\",\"description\":\"Ecole et Coll\\u00e8ge\",\"publisher\":{\"@id\":\"https:\/\/ndbc.fr\/#organization\"},\"potentialAction\":[{\"@type\":\"SearchAction\",\"target\":\"https:\/\/ndbc.fr\/?s={search_term_string}\",\"query-input\":\"required name=search_term_string\"}],\"inLanguage\":\"en-US\"},{\"@type\":\"ImageObject\",\"@id\":\"http:\/\/ndbc.fr\/?p=2914#primaryimage\",\"inLanguage\":\"en-US\",\"url\":\"http:\/\/ndbc.fr\/wp-content\/uploads\/2023\/10\/IMG_8396-1024x768.jpeg\"},{\"@type\":\"WebPage\",\"@id\":\"http:\/\/ndbc.fr\/?p=2914#webpage\",\"url\":\"http:\/\/ndbc.fr\/?p=2914\",\"name\":\"La cueillette \\u00e0 Saint Gratien! -\",\"isPartOf\":{\"@id\":\"https:\/\/ndbc.fr\/#website\"},\"primaryImageOfPage\":{\"@id\":\"http:\/\/ndbc.fr\/?p=2914#primaryimage\"},\"datePublished\":\"2023-10-08T18:15:33+00:00\",\"dateModified\":\"2023-10-08T18:15:34+00:00\",\"breadcrumb\":{\"@id\":\"http:\/\/ndbc.fr\/?p=2914#breadcrumb\"},\"inLanguage\":\"en-US\",\"potentialAction\":[{\"@type\":\"ReadAction\",\"target\":[\"http:\/\/ndbc.fr\/?p=2914\"]}]},{\"@type\":\"BreadcrumbList\",\"@id\":\"http:\/\/ndbc.fr\/?p=2914#breadcrumb\",\"itemListElement\":[{\"@type\":\"ListItem\",\"position\":1,\"item\":{\"@type\":\"WebPage\",\"@id\":\"https:\/\/ndbc.fr\/\",\"url\":\"https:\/\/ndbc.fr\/\",\"name\":\"Accueil\"}},{\"@type\":\"ListItem\",\"position\":2,\"item\":{\"@type\":\"WebPage\",\"@id\":\"http:\/\/ndbc.fr\/?p=2914\",\"url\":\"http:\/\/ndbc.fr\/?p=2914\",\"name\":\"La cueillette \\u00e0 Saint Gratien!\"}}]},{\"@type\":\"Article\",\"@id\":\"http:\/\/ndbc.fr\/?p=2914#article\",\"isPartOf\":{\"@id\":\"http:\/\/ndbc.fr\/?p=2914#webpage\"},\"author\":{\"@id\":\"https:\/\/ndbc.fr\/#\/schema\/person\/451dde11d4d3b2b73dbfd46281640aea\"},\"headline\":\"La cueillette \\u00e0 Saint Gratien!\",\"datePublished\":\"2023-10-08T18:15:33+00:00\",\"dateModified\":\"2023-10-08T18:15:34+00:00\",\"commentCount\":0,\"mainEntityOfPage\":{\"@id\":\"http:\/\/ndbc.fr\/?p=2914#webpage\"},\"publisher\":{\"@id\":\"https:\/\/ndbc.fr\/#organization\"},\"image\":{\"@id\":\"http:\/\/ndbc.fr\/?p=2914#primaryimage\"},\"articleSection\":\"Non class\\u00e9\",\"inLanguage\":\"en-US\"},{\"@type\":[\"Person\"],\"@id\":\"https:\/\/ndbc.fr\/#\/schema\/person\/451dde11d4d3b2b73dbfd46281640aea\",\"name\":\"Viviane MARTENS\",\"image\":{\"@type\":\"ImageObject\",\"@id\":\"https:\/\/ndbc.fr\/#personlogo\",\"inLanguage\":\"en-US\",\"url\":\"https:\/\/secure.gravatar.com\/avatar\/9471d41339c3437f4d8b8ad824157ae3c2dae8c8bdf52e058d8ff893f4627213?s=96&d=mm&r=g\",\"caption\":\"Viviane MARTENS\"}}]}<\/script>\n<!-- \/ Yoast SEO plugin. -->","_links":{"self":[{"href":"https:\/\/ndbc.fr\/index.php?rest_route=\/wp\/v2\/posts\/2914","targetHints":{"allow":["GET"]}}],"collection":[{"href":"https:\/\/ndbc.fr\/index.php?rest_route=\/wp\/v2\/posts"}],"about":[{"href":"https:\/\/ndbc.fr\/index.php?rest_route=\/wp\/v2\/types\/post"}],"author":[{"embeddable":true,"href":"https:\/\/ndbc.fr\/index.php?rest_route=\/wp\/v2\/users\/4"}],"replies":[{"embeddable":true,"href":"https:\/\/ndbc.fr\/index.php?rest_route=%2Fwp%2Fv2%2Fcomments&post=2914"}],"version-history":[{"count":1,"href":"https:\/\/ndbc.fr\/index.php?rest_route=\/wp\/v2\/posts\/2914\/revisions"}],"predecessor-version":[{"id":2919,"href":"https:\/\/ndbc.fr\/index.php?rest_route=\/wp\/v2\/posts\/2914\/revisions\/2919"}],"wp:attachment":[{"href":"https:\/\/ndbc.fr\/index.php?rest_route=%2Fwp%2Fv2%2Fmedia&parent=2914"}],"wp:term":[{"taxonomy":"category","embeddable":true,"href":"https:\/\/ndbc.fr\/index.php?rest_route=%2Fwp%2Fv2%2Fcategories&post=2914"},{"taxonomy":"post_tag","embeddable":true,"href":"https:\/\/ndbc.fr\/index.php?rest_route=%2Fwp%2Fv2%2Ftags&post=2914"}],"curies":[{"name":"wp","href":"https:\/\/api.w.org\/{rel}","templated":true}]}}