{"id":1631,"date":"2022-04-01T14:57:00","date_gmt":"2022-04-01T12:57:00","guid":{"rendered":"https:\/\/ndbc.fr\/?p=1631"},"modified":"2022-04-23T15:09:06","modified_gmt":"2022-04-23T13:09:06","slug":"frites-partagees","status":"publish","type":"post","link":"https:\/\/ndbc.fr\/?p=1631","title":{"rendered":"Frites partag\u00e9es"},"content":{"rendered":"\n<p class=\"has-drop-cap has-vivid-purple-color has-text-color has-medium-font-size\">Vendredi 1er avril, les \u00e9l\u00e8ves de primaire ont mang\u00e9 des frites et un fruit en classe ! Un beau moment de convivialit\u00e9, ici chez les CP, pour nous rappeler que tout le monde n&#8217;a pas toujours la chance de manger ce qu&#8217;il veut, et aussi pour envoyer les b\u00e9n\u00e9fices \u00e0 l&#8217;\u00e9cole de la Sainte Famille au Congo Brazzaville !<\/p>\n\n\n\n<figure class=\"wp-block-image size-large\"><img loading=\"lazy\" decoding=\"async\" width=\"768\" height=\"1024\" src=\"https:\/\/ndbc.fr\/wp-content\/uploads\/2022\/04\/IMG_7566-768x1024.jpg\" alt=\"\" class=\"wp-image-1632\" srcset=\"https:\/\/ndbc.fr\/wp-content\/uploads\/2022\/04\/IMG_7566-768x1024.jpg 768w, https:\/\/ndbc.fr\/wp-content\/uploads\/2022\/04\/IMG_7566-225x300.jpg 225w, https:\/\/ndbc.fr\/wp-content\/uploads\/2022\/04\/IMG_7566-1152x1536.jpg 1152w, https:\/\/ndbc.fr\/wp-content\/uploads\/2022\/04\/IMG_7566-1536x2048.jpg 1536w, https:\/\/ndbc.fr\/wp-content\/uploads\/2022\/04\/IMG_7566-scaled.jpg 1920w\" sizes=\"auto, (max-width: 768px) 100vw, 768px\" \/><\/figure>\n","protected":false},"excerpt":{"rendered":"<p>Vendredi 1er avril, les \u00e9l\u00e8ves de primaire ont mang\u00e9 des frites et un fruit en classe ! Un beau moment de convivialit\u00e9, ici chez les CP, pour nous rappeler que tout le monde n&#8217;a pas toujours la chance de manger ce qu&#8217;il veut, et aussi pour envoyer les b\u00e9n\u00e9fices \u00e0 l&#8217;\u00e9cole de la Sainte Famille&hellip; <\/p>\n","protected":false},"author":25,"featured_media":1632,"comment_status":"closed","ping_status":"closed","sticky":false,"template":"","format":"standard","meta":{"footnotes":""},"categories":[3],"tags":[],"class_list":["post-1631","post","type-post","status-publish","format-standard","has-post-thumbnail","hentry","category-elementaire"],"yoast_head":"<!-- This site is optimized with the Yoast SEO plugin v14.1 - https:\/\/yoast.com\/wordpress\/plugins\/seo\/ -->\n<title>Frites partag\u00e9es -<\/title>\n<meta name=\"robots\" content=\"index, follow\" \/>\n<meta name=\"googlebot\" content=\"index, follow, max-snippet:-1, max-image-preview:large, max-video-preview:-1\" \/>\n<meta name=\"bingbot\" content=\"index, follow, max-snippet:-1, max-image-preview:large, max-video-preview:-1\" \/>\n<link rel=\"canonical\" href=\"https:\/\/ndbc.fr\/?p=1631\" \/>\n<meta property=\"og:locale\" content=\"en_US\" \/>\n<meta property=\"og:type\" content=\"article\" \/>\n<meta property=\"og:title\" content=\"Frites partag\u00e9es -\" \/>\n<meta property=\"og:description\" content=\"Vendredi 1er avril, les \u00e9l\u00e8ves de primaire ont mang\u00e9 des frites et un fruit en classe ! Un beau moment de convivialit\u00e9, ici chez les CP, pour nous rappeler que tout le monde n&#8217;a pas toujours la chance de manger ce qu&#8217;il veut, et aussi pour envoyer les b\u00e9n\u00e9fices \u00e0 l&#8217;\u00e9cole de la Sainte Famille&hellip;\" \/>\n<meta property=\"og:url\" content=\"https:\/\/ndbc.fr\/?p=1631\" \/>\n<meta property=\"article:publisher\" content=\"https:\/\/www.facebook.com\/Notre-Dame-Du-Bon-Conseil-570310056457481\/\" \/>\n<meta property=\"article:published_time\" content=\"2022-04-01T12:57:00+00:00\" \/>\n<meta property=\"article:modified_time\" content=\"2022-04-23T13:09:06+00:00\" \/>\n<meta property=\"og:image\" content=\"https:\/\/ndbc.fr\/wp-content\/uploads\/2022\/04\/IMG_7566-scaled.jpg\" \/>\n\t<meta property=\"og:image:width\" content=\"1920\" \/>\n\t<meta property=\"og:image:height\" content=\"2560\" \/>\n<meta name=\"twitter:card\" content=\"summary_large_image\" \/>\n<script type=\"application\/ld+json\" class=\"yoast-schema-graph\">{\"@context\":\"https:\/\/schema.org\",\"@graph\":[{\"@type\":\"Organization\",\"@id\":\"https:\/\/ndbc.fr\/#organization\",\"name\":\"Ecole Notre Dame du Bon Conseil AMIENS\",\"url\":\"https:\/\/ndbc.fr\/\",\"sameAs\":[\"https:\/\/www.facebook.com\/Notre-Dame-Du-Bon-Conseil-570310056457481\/\"],\"logo\":{\"@type\":\"ImageObject\",\"@id\":\"https:\/\/ndbc.fr\/#logo\",\"inLanguage\":\"en-US\",\"url\":\"https:\/\/ndbc.fr\/wp-content\/uploads\/2020\/03\/Fichier-1.png\",\"width\":238,\"height\":512,\"caption\":\"Ecole Notre Dame du Bon Conseil AMIENS\"},\"image\":{\"@id\":\"https:\/\/ndbc.fr\/#logo\"}},{\"@type\":\"WebSite\",\"@id\":\"https:\/\/ndbc.fr\/#website\",\"url\":\"https:\/\/ndbc.fr\/\",\"name\":\"\",\"description\":\"Ecole et Coll\\u00e8ge\",\"publisher\":{\"@id\":\"https:\/\/ndbc.fr\/#organization\"},\"potentialAction\":[{\"@type\":\"SearchAction\",\"target\":\"https:\/\/ndbc.fr\/?s={search_term_string}\",\"query-input\":\"required name=search_term_string\"}],\"inLanguage\":\"en-US\"},{\"@type\":\"ImageObject\",\"@id\":\"https:\/\/ndbc.fr\/?p=1631#primaryimage\",\"inLanguage\":\"en-US\",\"url\":\"https:\/\/ndbc.fr\/wp-content\/uploads\/2022\/04\/IMG_7566-scaled.jpg\",\"width\":1920,\"height\":2560},{\"@type\":\"WebPage\",\"@id\":\"https:\/\/ndbc.fr\/?p=1631#webpage\",\"url\":\"https:\/\/ndbc.fr\/?p=1631\",\"name\":\"Frites partag\\u00e9es -\",\"isPartOf\":{\"@id\":\"https:\/\/ndbc.fr\/#website\"},\"primaryImageOfPage\":{\"@id\":\"https:\/\/ndbc.fr\/?p=1631#primaryimage\"},\"datePublished\":\"2022-04-01T12:57:00+00:00\",\"dateModified\":\"2022-04-23T13:09:06+00:00\",\"breadcrumb\":{\"@id\":\"https:\/\/ndbc.fr\/?p=1631#breadcrumb\"},\"inLanguage\":\"en-US\",\"potentialAction\":[{\"@type\":\"ReadAction\",\"target\":[\"https:\/\/ndbc.fr\/?p=1631\"]}]},{\"@type\":\"BreadcrumbList\",\"@id\":\"https:\/\/ndbc.fr\/?p=1631#breadcrumb\",\"itemListElement\":[{\"@type\":\"ListItem\",\"position\":1,\"item\":{\"@type\":\"WebPage\",\"@id\":\"https:\/\/ndbc.fr\/\",\"url\":\"https:\/\/ndbc.fr\/\",\"name\":\"Accueil\"}},{\"@type\":\"ListItem\",\"position\":2,\"item\":{\"@type\":\"WebPage\",\"@id\":\"https:\/\/ndbc.fr\/?p=1631\",\"url\":\"https:\/\/ndbc.fr\/?p=1631\",\"name\":\"Frites partag\\u00e9es\"}}]},{\"@type\":\"Article\",\"@id\":\"https:\/\/ndbc.fr\/?p=1631#article\",\"isPartOf\":{\"@id\":\"https:\/\/ndbc.fr\/?p=1631#webpage\"},\"author\":{\"@id\":\"https:\/\/ndbc.fr\/#\/schema\/person\/94510165c6f31b7b7799161bfeb997c0\"},\"headline\":\"Frites partag\\u00e9es\",\"datePublished\":\"2022-04-01T12:57:00+00:00\",\"dateModified\":\"2022-04-23T13:09:06+00:00\",\"commentCount\":0,\"mainEntityOfPage\":{\"@id\":\"https:\/\/ndbc.fr\/?p=1631#webpage\"},\"publisher\":{\"@id\":\"https:\/\/ndbc.fr\/#organization\"},\"image\":{\"@id\":\"https:\/\/ndbc.fr\/?p=1631#primaryimage\"},\"articleSection\":\"\\u00e9l\\u00e9mentaire\",\"inLanguage\":\"en-US\"},{\"@type\":[\"Person\"],\"@id\":\"https:\/\/ndbc.fr\/#\/schema\/person\/94510165c6f31b7b7799161bfeb997c0\",\"name\":\"Solange THERET\",\"image\":{\"@type\":\"ImageObject\",\"@id\":\"https:\/\/ndbc.fr\/#personlogo\",\"inLanguage\":\"en-US\",\"url\":\"https:\/\/secure.gravatar.com\/avatar\/a424e624b9d738afbdba0b991bb0fff8bb47a61ee9c33a5e6204a99be4846df1?s=96&d=mm&r=g\",\"caption\":\"Solange THERET\"}}]}<\/script>\n<!-- \/ Yoast SEO plugin. -->","_links":{"self":[{"href":"https:\/\/ndbc.fr\/index.php?rest_route=\/wp\/v2\/posts\/1631","targetHints":{"allow":["GET"]}}],"collection":[{"href":"https:\/\/ndbc.fr\/index.php?rest_route=\/wp\/v2\/posts"}],"about":[{"href":"https:\/\/ndbc.fr\/index.php?rest_route=\/wp\/v2\/types\/post"}],"author":[{"embeddable":true,"href":"https:\/\/ndbc.fr\/index.php?rest_route=\/wp\/v2\/users\/25"}],"replies":[{"embeddable":true,"href":"https:\/\/ndbc.fr\/index.php?rest_route=%2Fwp%2Fv2%2Fcomments&post=1631"}],"version-history":[{"count":1,"href":"https:\/\/ndbc.fr\/index.php?rest_route=\/wp\/v2\/posts\/1631\/revisions"}],"predecessor-version":[{"id":1633,"href":"https:\/\/ndbc.fr\/index.php?rest_route=\/wp\/v2\/posts\/1631\/revisions\/1633"}],"wp:featuredmedia":[{"embeddable":true,"href":"https:\/\/ndbc.fr\/index.php?rest_route=\/wp\/v2\/media\/1632"}],"wp:attachment":[{"href":"https:\/\/ndbc.fr\/index.php?rest_route=%2Fwp%2Fv2%2Fmedia&parent=1631"}],"wp:term":[{"taxonomy":"category","embeddable":true,"href":"https:\/\/ndbc.fr\/index.php?rest_route=%2Fwp%2Fv2%2Fcategories&post=1631"},{"taxonomy":"post_tag","embeddable":true,"href":"https:\/\/ndbc.fr\/index.php?rest_route=%2Fwp%2Fv2%2Ftags&post=1631"}],"curies":[{"name":"wp","href":"https:\/\/api.w.org\/{rel}","templated":true}]}}