{"id":56,"date":"2019-09-20T10:46:00","date_gmt":"2019-09-20T08:46:00","guid":{"rendered":"http:\/\/ndbc.fr\/?p=56"},"modified":"2020-02-28T01:22:13","modified_gmt":"2020-02-28T00:22:13","slug":"celebration-de-rentree","status":"publish","type":"post","link":"http:\/\/ndbc.fr\/?p=56","title":{"rendered":"C\u00e9l\u00e9bration de rentr\u00e9e"},"content":{"rendered":"\n<p> Ce vendredi 20 septembre, en l\u2019\u00e9glise Ste Th\u00e9r\u00e8se, s\u2019est tenue la c\u00e9l\u00e9bration de rentr\u00e9e de notre \u00e9cole. A cette occasion, l\u2019abb\u00e9 POITOUT , notre pr\u00eatre r\u00e9f\u00e9rent a proc\u00e9d\u00e9 \u00e0 une b\u00e9n\u00e9diction des cartables. <\/p>\n\n\n\n<figure class=\"wp-block-image size-large\"><img loading=\"lazy\" decoding=\"async\" width=\"756\" height=\"1008\" src=\"http:\/\/ndbc.fr\/wp-content\/uploads\/2020\/02\/SAVE_20191230_104758.jpg\" alt=\"\" class=\"wp-image-57\" srcset=\"http:\/\/ndbc.fr\/wp-content\/uploads\/2020\/02\/SAVE_20191230_104758.jpg 756w, http:\/\/ndbc.fr\/wp-content\/uploads\/2020\/02\/SAVE_20191230_104758-225x300.jpg 225w\" sizes=\"auto, (max-width: 756px) 100vw, 756px\" \/><\/figure>\n\n\n\n<figure class=\"wp-block-image size-large\"><img loading=\"lazy\" decoding=\"async\" width=\"756\" height=\"1008\" src=\"http:\/\/ndbc.fr\/wp-content\/uploads\/2020\/02\/SAVE_20191230_104752.jpg\" alt=\"\" class=\"wp-image-60\" srcset=\"http:\/\/ndbc.fr\/wp-content\/uploads\/2020\/02\/SAVE_20191230_104752.jpg 756w, http:\/\/ndbc.fr\/wp-content\/uploads\/2020\/02\/SAVE_20191230_104752-225x300.jpg 225w\" sizes=\"auto, (max-width: 756px) 100vw, 756px\" \/><\/figure>\n\n\n\n<figure class=\"wp-block-image size-large\"><img loading=\"lazy\" decoding=\"async\" width=\"910\" height=\"1024\" src=\"http:\/\/ndbc.fr\/wp-content\/uploads\/2020\/02\/SAVE_20191230_104744-910x1024.jpg\" alt=\"\" class=\"wp-image-59\" srcset=\"http:\/\/ndbc.fr\/wp-content\/uploads\/2020\/02\/SAVE_20191230_104744-910x1024.jpg 910w, http:\/\/ndbc.fr\/wp-content\/uploads\/2020\/02\/SAVE_20191230_104744-267x300.jpg 267w, http:\/\/ndbc.fr\/wp-content\/uploads\/2020\/02\/SAVE_20191230_104744-768x864.jpg 768w, http:\/\/ndbc.fr\/wp-content\/uploads\/2020\/02\/SAVE_20191230_104744.jpg 960w\" sizes=\"auto, (max-width: 910px) 100vw, 910px\" \/><\/figure>\n\n\n\n<p> Les \u00e9l\u00e8ves de chaque classe ont pris des engagements pour l\u2019ann\u00e9e scolaire \u00e0 venir. Ces engagements ont \u00e9t\u00e9 recopi\u00e9s sur des feuilles, qui assembl\u00e9es forment le logo de l\u2019\u00e9cole. <\/p>\n\n\n\n<p> Venez retrouver notre logo g\u00e9ant dans le hall et chercher la petite frimousse de votre enfant ! <\/p>\n","protected":false},"excerpt":{"rendered":"<p>Ce vendredi 20 septembre, en l\u2019\u00e9glise Ste Th\u00e9r\u00e8se, s\u2019est tenue la c\u00e9l\u00e9bration de rentr\u00e9e de notre \u00e9cole. A cette occasion, l\u2019abb\u00e9 POITOUT , notre pr\u00eatre r\u00e9f\u00e9rent a proc\u00e9d\u00e9 \u00e0 une b\u00e9n\u00e9diction des cartables. Les \u00e9l\u00e8ves de chaque classe ont pris des engagements pour l\u2019ann\u00e9e scolaire \u00e0 venir. Ces engagements ont \u00e9t\u00e9 recopi\u00e9s sur des feuilles,&hellip; <\/p>\n","protected":false},"author":1,"featured_media":59,"comment_status":"closed","ping_status":"closed","sticky":false,"template":"","format":"standard","meta":{"footnotes":""},"categories":[2],"tags":[],"class_list":["post-56","post","type-post","status-publish","format-standard","has-post-thumbnail","hentry","category-vie-de-lecole"],"yoast_head":"<!-- This site is optimized with the Yoast SEO plugin v14.1 - https:\/\/yoast.com\/wordpress\/plugins\/seo\/ -->\n<title>C\u00e9l\u00e9bration de rentr\u00e9e -<\/title>\n<meta name=\"robots\" content=\"index, follow\" \/>\n<meta name=\"googlebot\" content=\"index, follow, max-snippet:-1, max-image-preview:large, max-video-preview:-1\" \/>\n<meta name=\"bingbot\" content=\"index, follow, max-snippet:-1, max-image-preview:large, max-video-preview:-1\" \/>\n<link rel=\"canonical\" href=\"https:\/\/ndbc.fr\/?p=56\" \/>\n<meta property=\"og:locale\" content=\"en_US\" \/>\n<meta property=\"og:type\" content=\"article\" \/>\n<meta property=\"og:title\" content=\"C\u00e9l\u00e9bration de rentr\u00e9e -\" \/>\n<meta property=\"og:description\" content=\"Ce vendredi 20 septembre, en l\u2019\u00e9glise Ste Th\u00e9r\u00e8se, s\u2019est tenue la c\u00e9l\u00e9bration de rentr\u00e9e de notre \u00e9cole. A cette occasion, l\u2019abb\u00e9 POITOUT , notre pr\u00eatre r\u00e9f\u00e9rent a proc\u00e9d\u00e9 \u00e0 une b\u00e9n\u00e9diction des cartables. Les \u00e9l\u00e8ves de chaque classe ont pris des engagements pour l\u2019ann\u00e9e scolaire \u00e0 venir. Ces engagements ont \u00e9t\u00e9 recopi\u00e9s sur des feuilles,&hellip;\" \/>\n<meta property=\"og:url\" content=\"https:\/\/ndbc.fr\/?p=56\" \/>\n<meta property=\"article:publisher\" content=\"https:\/\/www.facebook.com\/Notre-Dame-Du-Bon-Conseil-570310056457481\/\" \/>\n<meta property=\"article:published_time\" content=\"2019-09-20T08:46:00+00:00\" \/>\n<meta property=\"article:modified_time\" content=\"2020-02-28T00:22:13+00:00\" \/>\n<meta property=\"og:image\" content=\"http:\/\/ndbc.fr\/wp-content\/uploads\/2020\/02\/SAVE_20191230_104744.jpg\" \/>\n\t<meta property=\"og:image:width\" content=\"960\" \/>\n\t<meta property=\"og:image:height\" content=\"1080\" \/>\n<meta name=\"twitter:card\" content=\"summary_large_image\" \/>\n<script type=\"application\/ld+json\" class=\"yoast-schema-graph\">{\"@context\":\"https:\/\/schema.org\",\"@graph\":[{\"@type\":\"Organization\",\"@id\":\"http:\/\/ndbc.fr\/#organization\",\"name\":\"Ecole Notre Dame du Bon Conseil AMIENS\",\"url\":\"http:\/\/ndbc.fr\/\",\"sameAs\":[\"https:\/\/www.facebook.com\/Notre-Dame-Du-Bon-Conseil-570310056457481\/\"],\"logo\":{\"@type\":\"ImageObject\",\"@id\":\"http:\/\/ndbc.fr\/#logo\",\"inLanguage\":\"en-US\",\"url\":\"http:\/\/ndbc.fr\/wp-content\/uploads\/2020\/03\/Fichier-1.png\",\"width\":238,\"height\":512,\"caption\":\"Ecole Notre Dame du Bon Conseil AMIENS\"},\"image\":{\"@id\":\"http:\/\/ndbc.fr\/#logo\"}},{\"@type\":\"WebSite\",\"@id\":\"http:\/\/ndbc.fr\/#website\",\"url\":\"http:\/\/ndbc.fr\/\",\"name\":\"\",\"description\":\"Ecole et Coll\\u00e8ge\",\"publisher\":{\"@id\":\"http:\/\/ndbc.fr\/#organization\"},\"potentialAction\":[{\"@type\":\"SearchAction\",\"target\":\"http:\/\/ndbc.fr\/?s={search_term_string}\",\"query-input\":\"required name=search_term_string\"}],\"inLanguage\":\"en-US\"},{\"@type\":\"ImageObject\",\"@id\":\"https:\/\/ndbc.fr\/?p=56#primaryimage\",\"inLanguage\":\"en-US\",\"url\":\"http:\/\/ndbc.fr\/wp-content\/uploads\/2020\/02\/SAVE_20191230_104744.jpg\",\"width\":960,\"height\":1080},{\"@type\":\"WebPage\",\"@id\":\"https:\/\/ndbc.fr\/?p=56#webpage\",\"url\":\"https:\/\/ndbc.fr\/?p=56\",\"name\":\"C\\u00e9l\\u00e9bration de rentr\\u00e9e -\",\"isPartOf\":{\"@id\":\"http:\/\/ndbc.fr\/#website\"},\"primaryImageOfPage\":{\"@id\":\"https:\/\/ndbc.fr\/?p=56#primaryimage\"},\"datePublished\":\"2019-09-20T08:46:00+00:00\",\"dateModified\":\"2020-02-28T00:22:13+00:00\",\"breadcrumb\":{\"@id\":\"https:\/\/ndbc.fr\/?p=56#breadcrumb\"},\"inLanguage\":\"en-US\",\"potentialAction\":[{\"@type\":\"ReadAction\",\"target\":[\"https:\/\/ndbc.fr\/?p=56\"]}]},{\"@type\":\"BreadcrumbList\",\"@id\":\"https:\/\/ndbc.fr\/?p=56#breadcrumb\",\"itemListElement\":[{\"@type\":\"ListItem\",\"position\":1,\"item\":{\"@type\":\"WebPage\",\"@id\":\"https:\/\/ndbc.fr\/\",\"url\":\"https:\/\/ndbc.fr\/\",\"name\":\"Accueil\"}},{\"@type\":\"ListItem\",\"position\":2,\"item\":{\"@type\":\"WebPage\",\"@id\":\"https:\/\/ndbc.fr\/?p=56\",\"url\":\"https:\/\/ndbc.fr\/?p=56\",\"name\":\"C\\u00e9l\\u00e9bration de rentr\\u00e9e\"}}]},{\"@type\":\"Article\",\"@id\":\"https:\/\/ndbc.fr\/?p=56#article\",\"isPartOf\":{\"@id\":\"https:\/\/ndbc.fr\/?p=56#webpage\"},\"author\":{\"@id\":\"http:\/\/ndbc.fr\/#\/schema\/person\/5472d3513cf5dbf63b243e8d21151942\"},\"headline\":\"C\\u00e9l\\u00e9bration de rentr\\u00e9e\",\"datePublished\":\"2019-09-20T08:46:00+00:00\",\"dateModified\":\"2020-02-28T00:22:13+00:00\",\"commentCount\":0,\"mainEntityOfPage\":{\"@id\":\"https:\/\/ndbc.fr\/?p=56#webpage\"},\"publisher\":{\"@id\":\"http:\/\/ndbc.fr\/#organization\"},\"image\":{\"@id\":\"https:\/\/ndbc.fr\/?p=56#primaryimage\"},\"articleSection\":\"Vie de l'\\u00e9cole\",\"inLanguage\":\"en-US\"},{\"@type\":[\"Person\"],\"@id\":\"http:\/\/ndbc.fr\/#\/schema\/person\/5472d3513cf5dbf63b243e8d21151942\",\"name\":\"NDBC\",\"image\":{\"@type\":\"ImageObject\",\"@id\":\"http:\/\/ndbc.fr\/#personlogo\",\"inLanguage\":\"en-US\",\"url\":\"https:\/\/secure.gravatar.com\/avatar\/c2017a883f256fb8536c6776fce820a08ea86fdeac7ab6ae02cf9a0c523840f1?s=96&d=mm&r=g\",\"caption\":\"NDBC\"}}]}<\/script>\n<!-- \/ Yoast SEO plugin. -->","_links":{"self":[{"href":"http:\/\/ndbc.fr\/index.php?rest_route=\/wp\/v2\/posts\/56","targetHints":{"allow":["GET"]}}],"collection":[{"href":"http:\/\/ndbc.fr\/index.php?rest_route=\/wp\/v2\/posts"}],"about":[{"href":"http:\/\/ndbc.fr\/index.php?rest_route=\/wp\/v2\/types\/post"}],"author":[{"embeddable":true,"href":"http:\/\/ndbc.fr\/index.php?rest_route=\/wp\/v2\/users\/1"}],"replies":[{"embeddable":true,"href":"http:\/\/ndbc.fr\/index.php?rest_route=%2Fwp%2Fv2%2Fcomments&post=56"}],"version-history":[{"count":2,"href":"http:\/\/ndbc.fr\/index.php?rest_route=\/wp\/v2\/posts\/56\/revisions"}],"predecessor-version":[{"id":61,"href":"http:\/\/ndbc.fr\/index.php?rest_route=\/wp\/v2\/posts\/56\/revisions\/61"}],"wp:featuredmedia":[{"embeddable":true,"href":"http:\/\/ndbc.fr\/index.php?rest_route=\/wp\/v2\/media\/59"}],"wp:attachment":[{"href":"http:\/\/ndbc.fr\/index.php?rest_route=%2Fwp%2Fv2%2Fmedia&parent=56"}],"wp:term":[{"taxonomy":"category","embeddable":true,"href":"http:\/\/ndbc.fr\/index.php?rest_route=%2Fwp%2Fv2%2Fcategories&post=56"},{"taxonomy":"post_tag","embeddable":true,"href":"http:\/\/ndbc.fr\/index.php?rest_route=%2Fwp%2Fv2%2Ftags&post=56"}],"curies":[{"name":"wp","href":"https:\/\/api.w.org\/{rel}","templated":true}]}}