{"id":2488,"date":"2023-01-31T11:05:03","date_gmt":"2023-01-31T10:05:03","guid":{"rendered":"https:\/\/ndbc.fr\/?p=2488"},"modified":"2023-01-31T11:05:44","modified_gmt":"2023-01-31T10:05:44","slug":"spectacle-musical-barbato","status":"publish","type":"post","link":"http:\/\/ndbc.fr\/?p=2488","title":{"rendered":"Spectacle musical BARBATO"},"content":{"rendered":"\n<p>Merci \u00e0 l&#8217;association de parents d&#8217;\u00e9l\u00e8ves ( APEL) qui a financ\u00e9 int\u00e9gralement la venue d&#8217;un spectacle musical pour toute l&#8217;\u00e9cole ce mardi 7 f\u00e9vrier. Nous sommes impatients !<\/p>\n\n\n\n<p><\/p>\n\n\n\n<figure class=\"wp-block-image size-large\"><img loading=\"lazy\" decoding=\"async\" width=\"724\" height=\"1024\" src=\"https:\/\/ndbc.fr\/wp-content\/uploads\/2023\/01\/6327648624434153047-724x1024.jpg\" alt=\"\" class=\"wp-image-2489\" srcset=\"http:\/\/ndbc.fr\/wp-content\/uploads\/2023\/01\/6327648624434153047-724x1024.jpg 724w, http:\/\/ndbc.fr\/wp-content\/uploads\/2023\/01\/6327648624434153047-212x300.jpg 212w, http:\/\/ndbc.fr\/wp-content\/uploads\/2023\/01\/6327648624434153047.jpg 749w\" sizes=\"auto, (max-width: 724px) 100vw, 724px\" \/><\/figure>\n","protected":false},"excerpt":{"rendered":"<p>Merci \u00e0 l&#8217;association de parents d&#8217;\u00e9l\u00e8ves ( APEL) qui a financ\u00e9 int\u00e9gralement la venue d&#8217;un spectacle musical pour toute l&#8217;\u00e9cole ce mardi 7 f\u00e9vrier. Nous sommes impatients !<\/p>\n","protected":false},"author":1,"featured_media":2489,"comment_status":"closed","ping_status":"closed","sticky":false,"template":"","format":"standard","meta":{"footnotes":""},"categories":[2],"tags":[],"class_list":["post-2488","post","type-post","status-publish","format-standard","has-post-thumbnail","hentry","category-vie-de-lecole"],"yoast_head":"<!-- This site is optimized with the Yoast SEO plugin v14.1 - https:\/\/yoast.com\/wordpress\/plugins\/seo\/ -->\n<title>Spectacle musical BARBATO -<\/title>\n<meta name=\"robots\" content=\"index, follow\" \/>\n<meta name=\"googlebot\" content=\"index, follow, max-snippet:-1, max-image-preview:large, max-video-preview:-1\" \/>\n<meta name=\"bingbot\" content=\"index, follow, max-snippet:-1, max-image-preview:large, max-video-preview:-1\" \/>\n<link rel=\"canonical\" href=\"https:\/\/ndbc.fr\/?p=2488\" \/>\n<meta property=\"og:locale\" content=\"en_US\" \/>\n<meta property=\"og:type\" content=\"article\" \/>\n<meta property=\"og:title\" content=\"Spectacle musical BARBATO -\" \/>\n<meta property=\"og:description\" content=\"Merci \u00e0 l&#8217;association de parents d&#8217;\u00e9l\u00e8ves ( APEL) qui a financ\u00e9 int\u00e9gralement la venue d&#8217;un spectacle musical pour toute l&#8217;\u00e9cole ce mardi 7 f\u00e9vrier. Nous sommes impatients !\" \/>\n<meta property=\"og:url\" content=\"https:\/\/ndbc.fr\/?p=2488\" \/>\n<meta property=\"article:publisher\" content=\"https:\/\/www.facebook.com\/Notre-Dame-Du-Bon-Conseil-570310056457481\/\" \/>\n<meta property=\"article:published_time\" content=\"2023-01-31T10:05:03+00:00\" \/>\n<meta property=\"article:modified_time\" content=\"2023-01-31T10:05:44+00:00\" \/>\n<meta property=\"og:image\" content=\"http:\/\/ndbc.fr\/wp-content\/uploads\/2023\/01\/6327648624434153047.jpg\" \/>\n\t<meta property=\"og:image:width\" content=\"749\" \/>\n\t<meta property=\"og:image:height\" content=\"1060\" \/>\n<meta name=\"twitter:card\" content=\"summary_large_image\" \/>\n<script type=\"application\/ld+json\" class=\"yoast-schema-graph\">{\"@context\":\"https:\/\/schema.org\",\"@graph\":[{\"@type\":\"Organization\",\"@id\":\"http:\/\/ndbc.fr\/#organization\",\"name\":\"Ecole Notre Dame du Bon Conseil AMIENS\",\"url\":\"http:\/\/ndbc.fr\/\",\"sameAs\":[\"https:\/\/www.facebook.com\/Notre-Dame-Du-Bon-Conseil-570310056457481\/\"],\"logo\":{\"@type\":\"ImageObject\",\"@id\":\"http:\/\/ndbc.fr\/#logo\",\"inLanguage\":\"en-US\",\"url\":\"http:\/\/ndbc.fr\/wp-content\/uploads\/2020\/03\/Fichier-1.png\",\"width\":238,\"height\":512,\"caption\":\"Ecole Notre Dame du Bon Conseil AMIENS\"},\"image\":{\"@id\":\"http:\/\/ndbc.fr\/#logo\"}},{\"@type\":\"WebSite\",\"@id\":\"http:\/\/ndbc.fr\/#website\",\"url\":\"http:\/\/ndbc.fr\/\",\"name\":\"\",\"description\":\"Ecole et Coll\\u00e8ge\",\"publisher\":{\"@id\":\"http:\/\/ndbc.fr\/#organization\"},\"potentialAction\":[{\"@type\":\"SearchAction\",\"target\":\"http:\/\/ndbc.fr\/?s={search_term_string}\",\"query-input\":\"required name=search_term_string\"}],\"inLanguage\":\"en-US\"},{\"@type\":\"ImageObject\",\"@id\":\"https:\/\/ndbc.fr\/?p=2488#primaryimage\",\"inLanguage\":\"en-US\",\"url\":\"http:\/\/ndbc.fr\/wp-content\/uploads\/2023\/01\/6327648624434153047.jpg\",\"width\":749,\"height\":1060},{\"@type\":\"WebPage\",\"@id\":\"https:\/\/ndbc.fr\/?p=2488#webpage\",\"url\":\"https:\/\/ndbc.fr\/?p=2488\",\"name\":\"Spectacle musical BARBATO -\",\"isPartOf\":{\"@id\":\"http:\/\/ndbc.fr\/#website\"},\"primaryImageOfPage\":{\"@id\":\"https:\/\/ndbc.fr\/?p=2488#primaryimage\"},\"datePublished\":\"2023-01-31T10:05:03+00:00\",\"dateModified\":\"2023-01-31T10:05:44+00:00\",\"breadcrumb\":{\"@id\":\"https:\/\/ndbc.fr\/?p=2488#breadcrumb\"},\"inLanguage\":\"en-US\",\"potentialAction\":[{\"@type\":\"ReadAction\",\"target\":[\"https:\/\/ndbc.fr\/?p=2488\"]}]},{\"@type\":\"BreadcrumbList\",\"@id\":\"https:\/\/ndbc.fr\/?p=2488#breadcrumb\",\"itemListElement\":[{\"@type\":\"ListItem\",\"position\":1,\"item\":{\"@type\":\"WebPage\",\"@id\":\"https:\/\/ndbc.fr\/\",\"url\":\"https:\/\/ndbc.fr\/\",\"name\":\"Accueil\"}},{\"@type\":\"ListItem\",\"position\":2,\"item\":{\"@type\":\"WebPage\",\"@id\":\"https:\/\/ndbc.fr\/?p=2488\",\"url\":\"https:\/\/ndbc.fr\/?p=2488\",\"name\":\"Spectacle musical BARBATO\"}}]},{\"@type\":\"Article\",\"@id\":\"https:\/\/ndbc.fr\/?p=2488#article\",\"isPartOf\":{\"@id\":\"https:\/\/ndbc.fr\/?p=2488#webpage\"},\"author\":{\"@id\":\"http:\/\/ndbc.fr\/#\/schema\/person\/5472d3513cf5dbf63b243e8d21151942\"},\"headline\":\"Spectacle musical BARBATO\",\"datePublished\":\"2023-01-31T10:05:03+00:00\",\"dateModified\":\"2023-01-31T10:05:44+00:00\",\"commentCount\":0,\"mainEntityOfPage\":{\"@id\":\"https:\/\/ndbc.fr\/?p=2488#webpage\"},\"publisher\":{\"@id\":\"http:\/\/ndbc.fr\/#organization\"},\"image\":{\"@id\":\"https:\/\/ndbc.fr\/?p=2488#primaryimage\"},\"articleSection\":\"Vie de l'\\u00e9cole\",\"inLanguage\":\"en-US\"},{\"@type\":[\"Person\"],\"@id\":\"http:\/\/ndbc.fr\/#\/schema\/person\/5472d3513cf5dbf63b243e8d21151942\",\"name\":\"NDBC\",\"image\":{\"@type\":\"ImageObject\",\"@id\":\"http:\/\/ndbc.fr\/#personlogo\",\"inLanguage\":\"en-US\",\"url\":\"https:\/\/secure.gravatar.com\/avatar\/c2017a883f256fb8536c6776fce820a08ea86fdeac7ab6ae02cf9a0c523840f1?s=96&d=mm&r=g\",\"caption\":\"NDBC\"}}]}<\/script>\n<!-- \/ Yoast SEO plugin. -->","_links":{"self":[{"href":"http:\/\/ndbc.fr\/index.php?rest_route=\/wp\/v2\/posts\/2488","targetHints":{"allow":["GET"]}}],"collection":[{"href":"http:\/\/ndbc.fr\/index.php?rest_route=\/wp\/v2\/posts"}],"about":[{"href":"http:\/\/ndbc.fr\/index.php?rest_route=\/wp\/v2\/types\/post"}],"author":[{"embeddable":true,"href":"http:\/\/ndbc.fr\/index.php?rest_route=\/wp\/v2\/users\/1"}],"replies":[{"embeddable":true,"href":"http:\/\/ndbc.fr\/index.php?rest_route=%2Fwp%2Fv2%2Fcomments&post=2488"}],"version-history":[{"count":1,"href":"http:\/\/ndbc.fr\/index.php?rest_route=\/wp\/v2\/posts\/2488\/revisions"}],"predecessor-version":[{"id":2490,"href":"http:\/\/ndbc.fr\/index.php?rest_route=\/wp\/v2\/posts\/2488\/revisions\/2490"}],"wp:featuredmedia":[{"embeddable":true,"href":"http:\/\/ndbc.fr\/index.php?rest_route=\/wp\/v2\/media\/2489"}],"wp:attachment":[{"href":"http:\/\/ndbc.fr\/index.php?rest_route=%2Fwp%2Fv2%2Fmedia&parent=2488"}],"wp:term":[{"taxonomy":"category","embeddable":true,"href":"http:\/\/ndbc.fr\/index.php?rest_route=%2Fwp%2Fv2%2Fcategories&post=2488"},{"taxonomy":"post_tag","embeddable":true,"href":"http:\/\/ndbc.fr\/index.php?rest_route=%2Fwp%2Fv2%2Ftags&post=2488"}],"curies":[{"name":"wp","href":"https:\/\/api.w.org\/{rel}","templated":true}]}}