{"id":205,"date":"2020-03-18T13:14:21","date_gmt":"2020-03-18T12:14:21","guid":{"rendered":"http:\/\/ndbc.fr\/?p=205"},"modified":"2020-03-19T11:33:01","modified_gmt":"2020-03-19T10:33:01","slug":"une-boite-a-livres-dans-lecole","status":"publish","type":"post","link":"http:\/\/ndbc.fr\/?p=205","title":{"rendered":"Une bo\u00eete \u00e0 livres dans l&#8217;\u00e9cole"},"content":{"rendered":"\n<figure class=\"wp-block-image size-large\"><img loading=\"lazy\" decoding=\"async\" width=\"768\" height=\"1024\" src=\"https:\/\/ndbc.fr\/wp-content\/uploads\/2020\/03\/20200318_175010-768x1024.jpg\" alt=\"\" class=\"wp-image-222\" srcset=\"http:\/\/ndbc.fr\/wp-content\/uploads\/2020\/03\/20200318_175010-768x1024.jpg 768w, http:\/\/ndbc.fr\/wp-content\/uploads\/2020\/03\/20200318_175010-225x300.jpg 225w, http:\/\/ndbc.fr\/wp-content\/uploads\/2020\/03\/20200318_175010-1152x1536.jpg 1152w, http:\/\/ndbc.fr\/wp-content\/uploads\/2020\/03\/20200318_175010-1536x2048.jpg 1536w, http:\/\/ndbc.fr\/wp-content\/uploads\/2020\/03\/20200318_175010-scaled.jpg 1920w\" sizes=\"auto, (max-width: 768px) 100vw, 768px\" \/><\/figure>\n\n\n\n<p> Dans le cadre de l&#8217;Assembl\u00e9e des enfants, les \u00e9l\u00e8ves maires des diff\u00e9rentes \u00e9coles de la ville ont propos\u00e9 plusieurs projets dont celui de la mise en place de bo\u00eetes \u00e0 livres dans les \u00e9coles. <\/p>\n\n\n\n<p>Notre bo\u00eete \u00e0 livre a \u00e9t\u00e9 install\u00e9e par les services de la mairie dans la cours de r\u00e9cr\u00e9ation \u00e0 la sortie de la cantine, permettant l&#8217;acc\u00e8s aux livres en libre-service pour tous les enfants. <\/p>\n\n\n\n<figure class=\"wp-block-image size-large\"><img loading=\"lazy\" decoding=\"async\" width=\"768\" height=\"1024\" src=\"https:\/\/ndbc.fr\/wp-content\/uploads\/2020\/03\/20200318_174937-768x1024.jpg\" alt=\"\" class=\"wp-image-223\" srcset=\"http:\/\/ndbc.fr\/wp-content\/uploads\/2020\/03\/20200318_174937-768x1024.jpg 768w, http:\/\/ndbc.fr\/wp-content\/uploads\/2020\/03\/20200318_174937-225x300.jpg 225w, http:\/\/ndbc.fr\/wp-content\/uploads\/2020\/03\/20200318_174937-1152x1536.jpg 1152w, http:\/\/ndbc.fr\/wp-content\/uploads\/2020\/03\/20200318_174937-1536x2048.jpg 1536w, http:\/\/ndbc.fr\/wp-content\/uploads\/2020\/03\/20200318_174937-scaled.jpg 1920w\" sizes=\"auto, (max-width: 768px) 100vw, 768px\" \/><\/figure>\n\n\n\n<p>Un concours de d\u00e9coration des bo\u00eetes \u00e0 livres a \u00e9t\u00e9 mis en place. De la petite section au CM2, les enfants ont contribu\u00e9 \u00e0 la d\u00e9coration de cette bo\u00eete sur le th\u00e8me de Jules Verne mais avec un clin d\u2019\u0153il \u00e0 notre cath\u00e9drale qui f\u00eate ses 800 ans cette ann\u00e9e. Aussi, des vitraux sur le th\u00e8me de Jules Verne ont \u00e9t\u00e9 r\u00e9alis\u00e9s par les CM1. Un projet mettant en lien lien maternelles et CM a permis la construction de belles montgolfi\u00e8res en papier m\u00e2ch\u00e9 qui surplombent notre belle bo\u00eete \u00e0 livres. Des jardini\u00e8res d\u00e9cor\u00e9es par les GS aux couleurs d&#8217;Amiens, mettant en sc\u00e8nes les monuments de la ville ont pris place au pied de la bo\u00eete.  <\/p>\n\n\n\n<figure class=\"wp-block-image size-large\"><img loading=\"lazy\" decoding=\"async\" width=\"768\" height=\"1024\" src=\"http:\/\/ndbc.fr\/wp-content\/uploads\/2020\/03\/boite-\u00e0-livre-3-768x1024.jpg\" alt=\"\" class=\"wp-image-208\" srcset=\"http:\/\/ndbc.fr\/wp-content\/uploads\/2020\/03\/boite-\u00e0-livre-3-768x1024.jpg 768w, http:\/\/ndbc.fr\/wp-content\/uploads\/2020\/03\/boite-\u00e0-livre-3-225x300.jpg 225w, http:\/\/ndbc.fr\/wp-content\/uploads\/2020\/03\/boite-\u00e0-livre-3-1152x1536.jpg 1152w, http:\/\/ndbc.fr\/wp-content\/uploads\/2020\/03\/boite-\u00e0-livre-3-1536x2048.jpg 1536w, http:\/\/ndbc.fr\/wp-content\/uploads\/2020\/03\/boite-\u00e0-livre-3-scaled.jpg 1920w\" sizes=\"auto, (max-width: 768px) 100vw, 768px\" \/><\/figure>\n\n\n\n<p><\/p>\n\n\n\n<p>Un jury est venu observer le travail des enfants. Nous attendons le r\u00e9sultat de ce concours avec impatiente. <\/p>\n\n\n\n<p>Depuis sa mise en service, la bo\u00eete rencontre un franc succ\u00e8s, quel plaisir de voir les enfants assis un livre \u00e0 la main. C&#8217;est bien mieux qu&#8217;un \u00e9cran, non?<\/p>\n\n\n\n<figure class=\"wp-block-image size-large\"><img loading=\"lazy\" decoding=\"async\" width=\"1024\" height=\"768\" src=\"https:\/\/ndbc.fr\/wp-content\/uploads\/2020\/03\/boite-\u00e0-livre-2-1024x768.jpg\" alt=\"\" class=\"wp-image-209\" srcset=\"http:\/\/ndbc.fr\/wp-content\/uploads\/2020\/03\/boite-\u00e0-livre-2-1024x768.jpg 1024w, http:\/\/ndbc.fr\/wp-content\/uploads\/2020\/03\/boite-\u00e0-livre-2-300x225.jpg 300w, http:\/\/ndbc.fr\/wp-content\/uploads\/2020\/03\/boite-\u00e0-livre-2-768x576.jpg 768w, http:\/\/ndbc.fr\/wp-content\/uploads\/2020\/03\/boite-\u00e0-livre-2-1536x1152.jpg 1536w, http:\/\/ndbc.fr\/wp-content\/uploads\/2020\/03\/boite-\u00e0-livre-2-2048x1536.jpg 2048w\" sizes=\"auto, (max-width: 1024px) 100vw, 1024px\" \/><\/figure>\n","protected":false},"excerpt":{"rendered":"<p>Dans le cadre de l&#8217;Assembl\u00e9e des enfants, les \u00e9l\u00e8ves maires des diff\u00e9rentes \u00e9coles de la ville ont propos\u00e9 plusieurs projets dont celui de la mise en place de bo\u00eetes \u00e0 livres dans les \u00e9coles. Notre bo\u00eete \u00e0 livre a \u00e9t\u00e9 install\u00e9e par les services de la mairie dans la cours de r\u00e9cr\u00e9ation \u00e0 la sortie&hellip; <\/p>\n","protected":false},"author":1,"featured_media":222,"comment_status":"closed","ping_status":"closed","sticky":false,"template":"","format":"standard","meta":{"footnotes":""},"categories":[2],"tags":[],"class_list":["post-205","post","type-post","status-publish","format-standard","has-post-thumbnail","hentry","category-vie-de-lecole"],"yoast_head":"<!-- This site is optimized with the Yoast SEO plugin v14.1 - https:\/\/yoast.com\/wordpress\/plugins\/seo\/ -->\n<title>Une bo\u00eete \u00e0 livres dans l&#039;\u00e9cole -<\/title>\n<meta name=\"description\" content=\"Installation d&#039;une bo\u00eete \u00e0 livres \u00e0 l&#039;\u00e9cole Notre Dame du Bon Conseil d&#039;Amiens\" \/>\n<meta name=\"robots\" content=\"index, follow\" \/>\n<meta name=\"googlebot\" content=\"index, follow, max-snippet:-1, max-image-preview:large, max-video-preview:-1\" \/>\n<meta name=\"bingbot\" content=\"index, follow, max-snippet:-1, max-image-preview:large, max-video-preview:-1\" \/>\n<link rel=\"canonical\" href=\"https:\/\/ndbc.fr\/?p=205\" \/>\n<meta property=\"og:locale\" content=\"en_US\" \/>\n<meta property=\"og:type\" content=\"article\" \/>\n<meta property=\"og:title\" content=\"Une bo\u00eete \u00e0 livres dans l&#039;\u00e9cole -\" \/>\n<meta property=\"og:description\" content=\"Installation d&#039;une bo\u00eete \u00e0 livres \u00e0 l&#039;\u00e9cole Notre Dame du Bon Conseil d&#039;Amiens\" \/>\n<meta property=\"og:url\" content=\"https:\/\/ndbc.fr\/?p=205\" \/>\n<meta property=\"article:publisher\" content=\"https:\/\/www.facebook.com\/Notre-Dame-Du-Bon-Conseil-570310056457481\/\" \/>\n<meta property=\"article:published_time\" content=\"2020-03-18T12:14:21+00:00\" \/>\n<meta property=\"article:modified_time\" content=\"2020-03-19T10:33:01+00:00\" \/>\n<meta property=\"og:image\" content=\"http:\/\/ndbc.fr\/wp-content\/uploads\/2020\/03\/20200318_175010-scaled.jpg\" \/>\n\t<meta property=\"og:image:width\" content=\"1920\" \/>\n\t<meta property=\"og:image:height\" content=\"2560\" \/>\n<meta name=\"twitter:card\" content=\"summary_large_image\" \/>\n<script type=\"application\/ld+json\" class=\"yoast-schema-graph\">{\"@context\":\"https:\/\/schema.org\",\"@graph\":[{\"@type\":\"Organization\",\"@id\":\"http:\/\/ndbc.fr\/#organization\",\"name\":\"Ecole Notre Dame du Bon Conseil AMIENS\",\"url\":\"http:\/\/ndbc.fr\/\",\"sameAs\":[\"https:\/\/www.facebook.com\/Notre-Dame-Du-Bon-Conseil-570310056457481\/\"],\"logo\":{\"@type\":\"ImageObject\",\"@id\":\"http:\/\/ndbc.fr\/#logo\",\"inLanguage\":\"en-US\",\"url\":\"http:\/\/ndbc.fr\/wp-content\/uploads\/2020\/03\/Fichier-1.png\",\"width\":238,\"height\":512,\"caption\":\"Ecole Notre Dame du Bon Conseil AMIENS\"},\"image\":{\"@id\":\"http:\/\/ndbc.fr\/#logo\"}},{\"@type\":\"WebSite\",\"@id\":\"http:\/\/ndbc.fr\/#website\",\"url\":\"http:\/\/ndbc.fr\/\",\"name\":\"\",\"description\":\"Ecole et Coll\\u00e8ge\",\"publisher\":{\"@id\":\"http:\/\/ndbc.fr\/#organization\"},\"potentialAction\":[{\"@type\":\"SearchAction\",\"target\":\"http:\/\/ndbc.fr\/?s={search_term_string}\",\"query-input\":\"required name=search_term_string\"}],\"inLanguage\":\"en-US\"},{\"@type\":\"ImageObject\",\"@id\":\"https:\/\/ndbc.fr\/?p=205#primaryimage\",\"inLanguage\":\"en-US\",\"url\":\"http:\/\/ndbc.fr\/wp-content\/uploads\/2020\/03\/20200318_175010-scaled.jpg\",\"width\":1920,\"height\":2560},{\"@type\":\"WebPage\",\"@id\":\"https:\/\/ndbc.fr\/?p=205#webpage\",\"url\":\"https:\/\/ndbc.fr\/?p=205\",\"name\":\"Une bo\\u00eete \\u00e0 livres dans l'\\u00e9cole -\",\"isPartOf\":{\"@id\":\"http:\/\/ndbc.fr\/#website\"},\"primaryImageOfPage\":{\"@id\":\"https:\/\/ndbc.fr\/?p=205#primaryimage\"},\"datePublished\":\"2020-03-18T12:14:21+00:00\",\"dateModified\":\"2020-03-19T10:33:01+00:00\",\"description\":\"Installation d'une bo\\u00eete \\u00e0 livres \\u00e0 l'\\u00e9cole Notre Dame du Bon Conseil d'Amiens\",\"breadcrumb\":{\"@id\":\"https:\/\/ndbc.fr\/?p=205#breadcrumb\"},\"inLanguage\":\"en-US\",\"potentialAction\":[{\"@type\":\"ReadAction\",\"target\":[\"https:\/\/ndbc.fr\/?p=205\"]}]},{\"@type\":\"BreadcrumbList\",\"@id\":\"https:\/\/ndbc.fr\/?p=205#breadcrumb\",\"itemListElement\":[{\"@type\":\"ListItem\",\"position\":1,\"item\":{\"@type\":\"WebPage\",\"@id\":\"https:\/\/ndbc.fr\/\",\"url\":\"https:\/\/ndbc.fr\/\",\"name\":\"Accueil\"}},{\"@type\":\"ListItem\",\"position\":2,\"item\":{\"@type\":\"WebPage\",\"@id\":\"https:\/\/ndbc.fr\/?p=205\",\"url\":\"https:\/\/ndbc.fr\/?p=205\",\"name\":\"Une bo\\u00eete \\u00e0 livres dans l&rsquo;\\u00e9cole\"}}]},{\"@type\":\"Article\",\"@id\":\"https:\/\/ndbc.fr\/?p=205#article\",\"isPartOf\":{\"@id\":\"https:\/\/ndbc.fr\/?p=205#webpage\"},\"author\":{\"@id\":\"http:\/\/ndbc.fr\/#\/schema\/person\/5472d3513cf5dbf63b243e8d21151942\"},\"headline\":\"Une bo\\u00eete \\u00e0 livres dans l&#8217;\\u00e9cole\",\"datePublished\":\"2020-03-18T12:14:21+00:00\",\"dateModified\":\"2020-03-19T10:33:01+00:00\",\"commentCount\":0,\"mainEntityOfPage\":{\"@id\":\"https:\/\/ndbc.fr\/?p=205#webpage\"},\"publisher\":{\"@id\":\"http:\/\/ndbc.fr\/#organization\"},\"image\":{\"@id\":\"https:\/\/ndbc.fr\/?p=205#primaryimage\"},\"articleSection\":\"Vie de l'\\u00e9cole\",\"inLanguage\":\"en-US\"},{\"@type\":[\"Person\"],\"@id\":\"http:\/\/ndbc.fr\/#\/schema\/person\/5472d3513cf5dbf63b243e8d21151942\",\"name\":\"NDBC\",\"image\":{\"@type\":\"ImageObject\",\"@id\":\"http:\/\/ndbc.fr\/#personlogo\",\"inLanguage\":\"en-US\",\"url\":\"https:\/\/secure.gravatar.com\/avatar\/c2017a883f256fb8536c6776fce820a08ea86fdeac7ab6ae02cf9a0c523840f1?s=96&d=mm&r=g\",\"caption\":\"NDBC\"}}]}<\/script>\n<!-- \/ Yoast SEO plugin. -->","_links":{"self":[{"href":"http:\/\/ndbc.fr\/index.php?rest_route=\/wp\/v2\/posts\/205","targetHints":{"allow":["GET"]}}],"collection":[{"href":"http:\/\/ndbc.fr\/index.php?rest_route=\/wp\/v2\/posts"}],"about":[{"href":"http:\/\/ndbc.fr\/index.php?rest_route=\/wp\/v2\/types\/post"}],"author":[{"embeddable":true,"href":"http:\/\/ndbc.fr\/index.php?rest_route=\/wp\/v2\/users\/1"}],"replies":[{"embeddable":true,"href":"http:\/\/ndbc.fr\/index.php?rest_route=%2Fwp%2Fv2%2Fcomments&post=205"}],"version-history":[{"count":2,"href":"http:\/\/ndbc.fr\/index.php?rest_route=\/wp\/v2\/posts\/205\/revisions"}],"predecessor-version":[{"id":224,"href":"http:\/\/ndbc.fr\/index.php?rest_route=\/wp\/v2\/posts\/205\/revisions\/224"}],"wp:featuredmedia":[{"embeddable":true,"href":"http:\/\/ndbc.fr\/index.php?rest_route=\/wp\/v2\/media\/222"}],"wp:attachment":[{"href":"http:\/\/ndbc.fr\/index.php?rest_route=%2Fwp%2Fv2%2Fmedia&parent=205"}],"wp:term":[{"taxonomy":"category","embeddable":true,"href":"http:\/\/ndbc.fr\/index.php?rest_route=%2Fwp%2Fv2%2Fcategories&post=205"},{"taxonomy":"post_tag","embeddable":true,"href":"http:\/\/ndbc.fr\/index.php?rest_route=%2Fwp%2Fv2%2Ftags&post=205"}],"curies":[{"name":"wp","href":"https:\/\/api.w.org\/{rel}","templated":true}]}}