{"id":1225,"date":"2021-07-04T16:24:03","date_gmt":"2021-07-04T14:24:03","guid":{"rendered":"http:\/\/ndbc.fr\/?p=1225"},"modified":"2021-07-04T16:24:04","modified_gmt":"2021-07-04T14:24:04","slug":"messe-de-fin-dannee","status":"publish","type":"post","link":"http:\/\/ndbc.fr\/?p=1225","title":{"rendered":"Messe de fin d&#8217;ann\u00e9e"},"content":{"rendered":"\n<p>Les \u00e9l\u00e8ves de CM2 inscrits \u00e0 la cat\u00e9ch\u00e8se cette ann\u00e9e ont assist\u00e9 vendredi 25 juin \u00e0 une messe de fin d&#8217;ann\u00e9e avec les coll\u00e9giens de 6\u00e8me et 5\u00e8me. C\u00e9l\u00e9br\u00e9e par l&#8217;abb\u00e9 Poitout et anim\u00e9e par R\u00e9gis Mbamondel\u00e9, cette messe a \u00e9t\u00e9 l&#8217;occasion pour les enfants de confier \u00e0 Dieu tout ce qui a \u00e9t\u00e9 bon pour eux durant cette ann\u00e9e si particuli\u00e8re. <\/p>\n\n\n\n<p>L&#8217;\u00e9glise St Pierre r\u00e9sonne encore de leurs chants de remerciements et d&#8217;esp\u00e9rance en un monde meilleur. <\/p>\n\n\n\n<figure class=\"wp-block-image size-large\"><img loading=\"lazy\" decoding=\"async\" width=\"1024\" height=\"576\" src=\"http:\/\/ndbc.fr\/wp-content\/uploads\/2021\/07\/20210625_161439-1024x576.jpg\" alt=\"\" class=\"wp-image-1226\" srcset=\"http:\/\/ndbc.fr\/wp-content\/uploads\/2021\/07\/20210625_161439-1024x576.jpg 1024w, http:\/\/ndbc.fr\/wp-content\/uploads\/2021\/07\/20210625_161439-300x169.jpg 300w, http:\/\/ndbc.fr\/wp-content\/uploads\/2021\/07\/20210625_161439-768x432.jpg 768w, http:\/\/ndbc.fr\/wp-content\/uploads\/2021\/07\/20210625_161439-1536x864.jpg 1536w, http:\/\/ndbc.fr\/wp-content\/uploads\/2021\/07\/20210625_161439-2048x1152.jpg 2048w\" sizes=\"auto, (max-width: 1024px) 100vw, 1024px\" \/><\/figure>\n","protected":false},"excerpt":{"rendered":"<p>Les \u00e9l\u00e8ves de CM2 inscrits \u00e0 la cat\u00e9ch\u00e8se cette ann\u00e9e ont assist\u00e9 vendredi 25 juin \u00e0 une messe de fin d&#8217;ann\u00e9e avec les coll\u00e9giens de 6\u00e8me et 5\u00e8me. C\u00e9l\u00e9br\u00e9e par l&#8217;abb\u00e9 Poitout et anim\u00e9e par R\u00e9gis Mbamondel\u00e9, cette messe a \u00e9t\u00e9 l&#8217;occasion pour les enfants de confier \u00e0 Dieu tout ce qui a \u00e9t\u00e9 bon&hellip; <\/p>\n","protected":false},"author":1,"featured_media":1226,"comment_status":"closed","ping_status":"closed","sticky":false,"template":"","format":"standard","meta":{"footnotes":""},"categories":[2],"tags":[],"class_list":["post-1225","post","type-post","status-publish","format-standard","has-post-thumbnail","hentry","category-vie-de-lecole"],"yoast_head":"<!-- This site is optimized with the Yoast SEO plugin v14.1 - https:\/\/yoast.com\/wordpress\/plugins\/seo\/ -->\n<title>Messe de fin d&#039;ann\u00e9e -<\/title>\n<meta name=\"robots\" content=\"index, follow\" \/>\n<meta name=\"googlebot\" content=\"index, follow, max-snippet:-1, max-image-preview:large, max-video-preview:-1\" \/>\n<meta name=\"bingbot\" content=\"index, follow, max-snippet:-1, max-image-preview:large, max-video-preview:-1\" \/>\n<link rel=\"canonical\" href=\"http:\/\/ndbc.fr\/?p=1225\" \/>\n<meta property=\"og:locale\" content=\"en_US\" \/>\n<meta property=\"og:type\" content=\"article\" \/>\n<meta property=\"og:title\" content=\"Messe de fin d&#039;ann\u00e9e -\" \/>\n<meta property=\"og:description\" content=\"Les \u00e9l\u00e8ves de CM2 inscrits \u00e0 la cat\u00e9ch\u00e8se cette ann\u00e9e ont assist\u00e9 vendredi 25 juin \u00e0 une messe de fin d&#8217;ann\u00e9e avec les coll\u00e9giens de 6\u00e8me et 5\u00e8me. C\u00e9l\u00e9br\u00e9e par l&#8217;abb\u00e9 Poitout et anim\u00e9e par R\u00e9gis Mbamondel\u00e9, cette messe a \u00e9t\u00e9 l&#8217;occasion pour les enfants de confier \u00e0 Dieu tout ce qui a \u00e9t\u00e9 bon&hellip;\" \/>\n<meta property=\"og:url\" content=\"http:\/\/ndbc.fr\/?p=1225\" \/>\n<meta property=\"article:publisher\" content=\"https:\/\/www.facebook.com\/Notre-Dame-Du-Bon-Conseil-570310056457481\/\" \/>\n<meta property=\"article:published_time\" content=\"2021-07-04T14:24:03+00:00\" \/>\n<meta property=\"article:modified_time\" content=\"2021-07-04T14:24:04+00:00\" \/>\n<meta property=\"og:image\" content=\"http:\/\/ndbc.fr\/wp-content\/uploads\/2021\/07\/20210625_161439-scaled.jpg\" \/>\n\t<meta property=\"og:image:width\" content=\"2560\" \/>\n\t<meta property=\"og:image:height\" content=\"1440\" \/>\n<meta name=\"twitter:card\" content=\"summary_large_image\" \/>\n<script type=\"application\/ld+json\" class=\"yoast-schema-graph\">{\"@context\":\"https:\/\/schema.org\",\"@graph\":[{\"@type\":\"Organization\",\"@id\":\"http:\/\/ndbc.fr\/#organization\",\"name\":\"Ecole Notre Dame du Bon Conseil AMIENS\",\"url\":\"http:\/\/ndbc.fr\/\",\"sameAs\":[\"https:\/\/www.facebook.com\/Notre-Dame-Du-Bon-Conseil-570310056457481\/\"],\"logo\":{\"@type\":\"ImageObject\",\"@id\":\"http:\/\/ndbc.fr\/#logo\",\"inLanguage\":\"en-US\",\"url\":\"http:\/\/ndbc.fr\/wp-content\/uploads\/2020\/03\/Fichier-1.png\",\"width\":238,\"height\":512,\"caption\":\"Ecole Notre Dame du Bon Conseil AMIENS\"},\"image\":{\"@id\":\"http:\/\/ndbc.fr\/#logo\"}},{\"@type\":\"WebSite\",\"@id\":\"http:\/\/ndbc.fr\/#website\",\"url\":\"http:\/\/ndbc.fr\/\",\"name\":\"\",\"description\":\"Ecole et Coll\\u00e8ge\",\"publisher\":{\"@id\":\"http:\/\/ndbc.fr\/#organization\"},\"potentialAction\":[{\"@type\":\"SearchAction\",\"target\":\"http:\/\/ndbc.fr\/?s={search_term_string}\",\"query-input\":\"required name=search_term_string\"}],\"inLanguage\":\"en-US\"},{\"@type\":\"ImageObject\",\"@id\":\"http:\/\/ndbc.fr\/?p=1225#primaryimage\",\"inLanguage\":\"en-US\",\"url\":\"http:\/\/ndbc.fr\/wp-content\/uploads\/2021\/07\/20210625_161439-scaled.jpg\",\"width\":2560,\"height\":1440},{\"@type\":\"WebPage\",\"@id\":\"http:\/\/ndbc.fr\/?p=1225#webpage\",\"url\":\"http:\/\/ndbc.fr\/?p=1225\",\"name\":\"Messe de fin d'ann\\u00e9e -\",\"isPartOf\":{\"@id\":\"http:\/\/ndbc.fr\/#website\"},\"primaryImageOfPage\":{\"@id\":\"http:\/\/ndbc.fr\/?p=1225#primaryimage\"},\"datePublished\":\"2021-07-04T14:24:03+00:00\",\"dateModified\":\"2021-07-04T14:24:04+00:00\",\"breadcrumb\":{\"@id\":\"http:\/\/ndbc.fr\/?p=1225#breadcrumb\"},\"inLanguage\":\"en-US\",\"potentialAction\":[{\"@type\":\"ReadAction\",\"target\":[\"http:\/\/ndbc.fr\/?p=1225\"]}]},{\"@type\":\"BreadcrumbList\",\"@id\":\"http:\/\/ndbc.fr\/?p=1225#breadcrumb\",\"itemListElement\":[{\"@type\":\"ListItem\",\"position\":1,\"item\":{\"@type\":\"WebPage\",\"@id\":\"https:\/\/ndbc.fr\/\",\"url\":\"https:\/\/ndbc.fr\/\",\"name\":\"Accueil\"}},{\"@type\":\"ListItem\",\"position\":2,\"item\":{\"@type\":\"WebPage\",\"@id\":\"http:\/\/ndbc.fr\/?p=1225\",\"url\":\"http:\/\/ndbc.fr\/?p=1225\",\"name\":\"Messe de fin d&rsquo;ann\\u00e9e\"}}]},{\"@type\":\"Article\",\"@id\":\"http:\/\/ndbc.fr\/?p=1225#article\",\"isPartOf\":{\"@id\":\"http:\/\/ndbc.fr\/?p=1225#webpage\"},\"author\":{\"@id\":\"http:\/\/ndbc.fr\/#\/schema\/person\/5472d3513cf5dbf63b243e8d21151942\"},\"headline\":\"Messe de fin d&#8217;ann\\u00e9e\",\"datePublished\":\"2021-07-04T14:24:03+00:00\",\"dateModified\":\"2021-07-04T14:24:04+00:00\",\"commentCount\":0,\"mainEntityOfPage\":{\"@id\":\"http:\/\/ndbc.fr\/?p=1225#webpage\"},\"publisher\":{\"@id\":\"http:\/\/ndbc.fr\/#organization\"},\"image\":{\"@id\":\"http:\/\/ndbc.fr\/?p=1225#primaryimage\"},\"articleSection\":\"Vie de l'\\u00e9cole\",\"inLanguage\":\"en-US\"},{\"@type\":[\"Person\"],\"@id\":\"http:\/\/ndbc.fr\/#\/schema\/person\/5472d3513cf5dbf63b243e8d21151942\",\"name\":\"NDBC\",\"image\":{\"@type\":\"ImageObject\",\"@id\":\"http:\/\/ndbc.fr\/#personlogo\",\"inLanguage\":\"en-US\",\"url\":\"https:\/\/secure.gravatar.com\/avatar\/c2017a883f256fb8536c6776fce820a08ea86fdeac7ab6ae02cf9a0c523840f1?s=96&d=mm&r=g\",\"caption\":\"NDBC\"}}]}<\/script>\n<!-- \/ Yoast SEO plugin. -->","_links":{"self":[{"href":"http:\/\/ndbc.fr\/index.php?rest_route=\/wp\/v2\/posts\/1225","targetHints":{"allow":["GET"]}}],"collection":[{"href":"http:\/\/ndbc.fr\/index.php?rest_route=\/wp\/v2\/posts"}],"about":[{"href":"http:\/\/ndbc.fr\/index.php?rest_route=\/wp\/v2\/types\/post"}],"author":[{"embeddable":true,"href":"http:\/\/ndbc.fr\/index.php?rest_route=\/wp\/v2\/users\/1"}],"replies":[{"embeddable":true,"href":"http:\/\/ndbc.fr\/index.php?rest_route=%2Fwp%2Fv2%2Fcomments&post=1225"}],"version-history":[{"count":1,"href":"http:\/\/ndbc.fr\/index.php?rest_route=\/wp\/v2\/posts\/1225\/revisions"}],"predecessor-version":[{"id":1227,"href":"http:\/\/ndbc.fr\/index.php?rest_route=\/wp\/v2\/posts\/1225\/revisions\/1227"}],"wp:featuredmedia":[{"embeddable":true,"href":"http:\/\/ndbc.fr\/index.php?rest_route=\/wp\/v2\/media\/1226"}],"wp:attachment":[{"href":"http:\/\/ndbc.fr\/index.php?rest_route=%2Fwp%2Fv2%2Fmedia&parent=1225"}],"wp:term":[{"taxonomy":"category","embeddable":true,"href":"http:\/\/ndbc.fr\/index.php?rest_route=%2Fwp%2Fv2%2Fcategories&post=1225"},{"taxonomy":"post_tag","embeddable":true,"href":"http:\/\/ndbc.fr\/index.php?rest_route=%2Fwp%2Fv2%2Ftags&post=1225"}],"curies":[{"name":"wp","href":"https:\/\/api.w.org\/{rel}","templated":true}]}}